{"id":2417,"date":"2026-04-21T15:09:52","date_gmt":"2026-04-21T13:09:52","guid":{"rendered":"https:\/\/stasziczawiercie.pl\/?p=2417"},"modified":"2026-04-23T08:53:02","modified_gmt":"2026-04-23T06:53:02","slug":"zaproszenie-na-xv-powiatowy-turniej-szachowy-w-zawierciu","status":"publish","type":"post","link":"http:\/\/stasziczawiercie.pl\/?p=2417","title":{"rendered":"Zaproszenie na XV Powiatowy Turniej Szachowy w Zawierciu"},"content":{"rendered":"\n<figure class=\"wp-block-gallery has-nested-images columns-default is-cropped wp-block-gallery-1 is-layout-flex wp-block-gallery-is-layout-flex\">\n<figure class=\"wp-block-image size-large\"><img loading=\"lazy\" decoding=\"async\" width=\"724\" height=\"1024\" data-id=\"2423\" src=\"https:\/\/stasziczawiercie.pl\/wp-content\/uploads\/2026\/04\/XV-POWIATOWY-TURNEIJ-SZACHOWY-1-724x1024.jpg\" alt=\"\" class=\"wp-image-2423\" srcset=\"http:\/\/stasziczawiercie.pl\/wp-content\/uploads\/2026\/04\/XV-POWIATOWY-TURNEIJ-SZACHOWY-1-724x1024.jpg 724w, http:\/\/stasziczawiercie.pl\/wp-content\/uploads\/2026\/04\/XV-POWIATOWY-TURNEIJ-SZACHOWY-1-212x300.jpg 212w, http:\/\/stasziczawiercie.pl\/wp-content\/uploads\/2026\/04\/XV-POWIATOWY-TURNEIJ-SZACHOWY-1-768x1086.jpg 768w, http:\/\/stasziczawiercie.pl\/wp-content\/uploads\/2026\/04\/XV-POWIATOWY-TURNEIJ-SZACHOWY-1-1086x1536.jpg 1086w, http:\/\/stasziczawiercie.pl\/wp-content\/uploads\/2026\/04\/XV-POWIATOWY-TURNEIJ-SZACHOWY-1-1448x2048.jpg 1448w, http:\/\/stasziczawiercie.pl\/wp-content\/uploads\/2026\/04\/XV-POWIATOWY-TURNEIJ-SZACHOWY-1-scaled.jpg 1810w\" sizes=\"auto, (max-width: 724px) 100vw, 724px\" \/><\/figure>\n<\/figure>\n\n\n\n<p><\/p>\n\n\n\n<p><\/p>\n\n\n\n<p><\/p>\n\n\n\n<p>Szanowni Pa\u0144stwo,<\/p>\n\n\n\n<p>w imieniu&nbsp;<strong>Zespo\u0142u Szk\u00f3\u0142 im. Stanis\u0142awa Staszica w Zawierciu<\/strong>&nbsp;serdecznie zapraszamy uczni\u00f3w Pa\u0144stwa szko\u0142y do udzia\u0142u w&nbsp;<strong>XV Powiatowym Turnieju Szachowym<\/strong>, organizowanym pod patronatem&nbsp;<strong>\u015al\u0105skiego Kuratora O\u015bwiaty<\/strong>&nbsp;oraz&nbsp;<strong>Starosty Powiatu Zawiercia\u0144skiego<\/strong>.<\/p>\n\n\n\n<p>Tegoroczna edycja ma charakter&nbsp;<strong>jubileuszowy<\/strong>&nbsp;i skierowana jest do uczni\u00f3w:<\/p>\n\n\n\n<ul class=\"wp-block-list\">\n<li>klas VI\u2013VIII szk\u00f3\u0142 podstawowych,<\/li>\n\n\n\n<li>szk\u00f3\u0142 ponadpodstawowych.<\/li>\n<\/ul>\n\n\n\n<p>Ze wzgl\u0119du na przewidywan\u0105 du\u017c\u0105 liczb\u0119 zg\u0142osze\u0144, o udziale w turnieju b\u0119dzie decydowa\u0142a&nbsp;<strong>kolejno\u015b\u0107 zg\u0142osze\u0144<\/strong>.<\/p>\n\n\n\n<p>Zg\u0142oszenia nale\u017cy przesy\u0142a\u0107:<\/p>\n\n\n\n<ul class=\"wp-block-list\">\n<li>drog\u0105 mailow\u0105 na adres:&nbsp;<strong><a href=\"https:\/\/poczta.onet.pl\/NowaWiadomosc\/_subtype\/Do\/_encryptedEmails\/QlAkBFFKEBx2dgsdBXJ2cQQBfChCchE2Egk%2FZgEXARAfQkFWQwEGF1QnVkFWAwsCBAFWVkQTB3QWAFQJFwxLBhBDFVMICxApMFgWWV02MGhUJ09VcgZvN0FvBxYSYA%3D%3D\" target=\"_blank\" rel=\"noreferrer noopener\">zstzaw@poczta.onet.pl<\/a><\/strong>,<br>lub<\/li>\n\n\n\n<li>dostarczy\u0107 do sekretariatu szko\u0142y: Zawiercie, ul. Rataja 29<\/li>\n\n\n\n<li>telefonicznie 326723882<\/li>\n<\/ul>\n\n\n\n<p>W zg\u0142oszeniu prosimy o podanie:<\/p>\n\n\n\n<ul class=\"wp-block-list\">\n<li>imienia i nazwiska uczestnik\u00f3w<\/li>\n\n\n\n<li>nazwy szko\u0142y.<\/li>\n\n\n\n<li>wieku \u2013 klasy ucznia<\/li>\n<\/ul>\n\n\n\n<p>Weryfikacja uczestnik\u00f3w <strong>8:30<\/strong> w dniu turnieju.<\/p>\n\n\n\n<p><strong>Rozpocz\u0119cie turnieju 9:00.<\/strong><\/p>\n\n\n\n<p>Szczeg\u00f3\u0142owe informacje dotycz\u0105ce zasad uczestnictwa, przebiegu turnieju oraz termin\u00f3w znajduj\u0105 si\u0119 w&nbsp;<strong>regulaminie<\/strong>, kt\u00f3ry wraz z&nbsp;<strong>plakatem<\/strong>&nbsp;przesy\u0142amy w za\u0142\u0105czniku.<\/p>\n\n\n\n<p>Liczymy na Pa\u0144stwa udzia\u0142 i wsp\u00f3lne stworzenie wyj\u0105tkowej, jubileuszowej atmosfery tego wydarzenia.<\/p>\n\n\n\n<p>Z wyrazami szacunku,<\/p>\n\n\n\n<p><strong>Agnieszka Jachimowska-Wi\u015blak<\/strong><br>Dyrektor<br>Zespo\u0142u Szk\u00f3\u0142 im. Stanis\u0142awa Staszica w Zawierciu<\/p>\n\n\n\n<div class=\"wp-block-file\"><a id=\"wp-block-file--media-a867c5df-c489-4f75-8b5a-b9601e4ec938\" href=\"https:\/\/stasziczawiercie.pl\/wp-content\/uploads\/2026\/04\/Regulamin-XV-Powiatowego-Turnieju-Szachowego.docx\">Regulamin XV Powiatowego Turnieju Szachowego<\/a><a href=\"https:\/\/stasziczawiercie.pl\/wp-content\/uploads\/2026\/04\/Regulamin-XV-Powiatowego-Turnieju-Szachowego.docx\" class=\"wp-block-file__button wp-element-button\" download aria-describedby=\"wp-block-file--media-a867c5df-c489-4f75-8b5a-b9601e4ec938\">Pobierz<\/a><\/div>\n\n\n\n<p><\/p>\n","protected":false},"excerpt":{"rendered":"<p>Szanowni Pa\u0144stwo, w imieniu&nbsp;Zespo\u0142u Szk\u00f3\u0142 im. Stanis\u0142awa Staszica w Zawierciu&nbsp;serdecznie zapraszamy uczni\u00f3w Pa\u0144stwa szko\u0142y do udzia\u0142u w&nbsp;XV Powiatowym Turnieju Szachowym,<\/p>\n","protected":false},"author":1,"featured_media":2424,"comment_status":"closed","ping_status":"closed","sticky":false,"template":"","format":"standard","meta":{"footnotes":""},"categories":[31,34],"tags":[],"class_list":["post-2417","post","type-post","status-publish","format-standard","has-post-thumbnail","hentry","category-ogloszenia","category-wiadomosci"],"_links":{"self":[{"href":"http:\/\/stasziczawiercie.pl\/index.php?rest_route=\/wp\/v2\/posts\/2417","targetHints":{"allow":["GET"]}}],"collection":[{"href":"http:\/\/stasziczawiercie.pl\/index.php?rest_route=\/wp\/v2\/posts"}],"about":[{"href":"http:\/\/stasziczawiercie.pl\/index.php?rest_route=\/wp\/v2\/types\/post"}],"author":[{"embeddable":true,"href":"http:\/\/stasziczawiercie.pl\/index.php?rest_route=\/wp\/v2\/users\/1"}],"replies":[{"embeddable":true,"href":"http:\/\/stasziczawiercie.pl\/index.php?rest_route=%2Fwp%2Fv2%2Fcomments&post=2417"}],"version-history":[{"count":4,"href":"http:\/\/stasziczawiercie.pl\/index.php?rest_route=\/wp\/v2\/posts\/2417\/revisions"}],"predecessor-version":[{"id":2428,"href":"http:\/\/stasziczawiercie.pl\/index.php?rest_route=\/wp\/v2\/posts\/2417\/revisions\/2428"}],"wp:featuredmedia":[{"embeddable":true,"href":"http:\/\/stasziczawiercie.pl\/index.php?rest_route=\/wp\/v2\/media\/2424"}],"wp:attachment":[{"href":"http:\/\/stasziczawiercie.pl\/index.php?rest_route=%2Fwp%2Fv2%2Fmedia&parent=2417"}],"wp:term":[{"taxonomy":"category","embeddable":true,"href":"http:\/\/stasziczawiercie.pl\/index.php?rest_route=%2Fwp%2Fv2%2Fcategories&post=2417"},{"taxonomy":"post_tag","embeddable":true,"href":"http:\/\/stasziczawiercie.pl\/index.php?rest_route=%2Fwp%2Fv2%2Ftags&post=2417"}],"curies":[{"name":"wp","href":"https:\/\/api.w.org\/{rel}","templated":true}]}}