{"id":2180,"date":"2025-06-26T14:12:21","date_gmt":"2025-06-26T12:12:21","guid":{"rendered":"http:\/\/stasziczawiercie.pl\/?p=2180"},"modified":"2025-06-26T14:12:54","modified_gmt":"2025-06-26T12:12:54","slug":"zostan-terytorialsem-dolacz-do-wojsk-obrony-terytorialnej","status":"publish","type":"post","link":"http:\/\/stasziczawiercie.pl\/?p=2180","title":{"rendered":"Zosta\u0144 Terytorialsem \u2013 do\u0142\u0105cz do Wojsk Obrony Terytorialnej!"},"content":{"rendered":"\n<p><\/p>\n\n\n\n<p><strong>S\u0142u\u017cba blisko domu, w s\u0142u\u017cbie Ojczy\u017anie i lokalnej spo\u0142eczno\u015bci<\/strong><\/p>\n\n\n\n<p>Wojska Obrony Terytorialnej (WOT) to pi\u0105ty rodzaj Si\u0142 Zbrojnych RP, powo\u0142any z my\u015bl\u0105 o obronie i wsparciu spo\u0142eczno\u015bci lokalnych. To formacja dla ludzi z pasj\u0105, odwag\u0105 i silnym poczuciem odpowiedzialno\u015bci za sw\u00f3j region. Terytorialsi nios\u0105 pomoc nie tylko w czasie zagro\u017cenia militarnego, ale tak\u017ce podczas kl\u0119sk \u017cywio\u0142owych, pandemii, czy innych sytuacji kryzysowych. WOT to doskona\u0142a opcja dla os\u00f3b, kt\u00f3re chc\u0105 po\u0142\u0105czy\u0107 \u017cycie zawodowe i rodzinne ze s\u0142u\u017cb\u0105 wojskow\u0105 \u2013 s\u0142u\u017cb\u0105 \u201eblisko domu\u201d.<\/p>\n\n\n\n<p><strong>Kto mo\u017ce zosta\u0107 Terytorialsem?<\/strong><\/p>\n\n\n\n<p>S\u0142u\u017cb\u0119 w WOT mo\u017ce pe\u0142ni\u0107 osoba, kt\u00f3ra:<\/p>\n\n\n\n<ul class=\"wp-block-list\">\n<li>posiada obywatelstwo polskie,<\/li>\n\n\n\n<li>uko\u0144czy\u0142a 18 lat (g\u00f3rna granica wieku to 55 lat dla szeregowych i 63 lata dla podoficer\u00f3w\/oficer\u00f3w),<\/li>\n\n\n\n<li>nie jest karana za przest\u0119pstwa umy\u015blne,<\/li>\n\n\n\n<li>posiada odpowiedni stan zdrowia i zdolno\u015b\u0107 psychofizyczn\u0105 do pe\u0142nienia s\u0142u\u017cby wojskowej<\/li>\n<\/ul>\n\n\n\n<p>Nie musisz mie\u0107 wcze\u015bniejszego do\u015bwiadczenia wojskowego \u2013 WOT oferuje kompleksowe szkolenie od podstaw.<\/p>\n\n\n\n<p><strong>Jak wygl\u0105da rekrutacja?<\/strong><\/p>\n\n\n\n<p>Proces rekrutacyjny do WOT jest prosty i przejrzysty:<\/p>\n\n\n\n<ol class=\"wp-block-list\">\n<li>zg\u0142oszenie wniosku o powo\u0142anie do terytorialnej s\u0142u\u017cby wojskowej z\u0142o\u017cone do Wojskowego Centrum Rekrutacji,<\/li>\n\n\n\n<li>weryfikacja dokument\u00f3w i rozmowa kwalifikacyjna,<\/li>\n\n\n\n<li>badania lekarskie i psychologiczne<\/li>\n\n\n\n<li>szkolenie podstawowe trwaj\u0105ce 16 dni, kt\u00f3re zako\u0144czone jest z\u0142o\u017ceniem przysi\u0119gi wojskowej<\/li>\n<\/ol>\n\n\n\n<p>Je\u015bli mia\u0142e\u015b\/a\u015b ju\u017c styczno\u015b\u0107 z wojskiem i z\u0142o\u017cy\u0142e\u015b przysi\u0119g\u0119 wojskow\u0105 obowi\u0105zuje Ci\u0119 szkolenie wyr\u00f3wnawcze, kt\u00f3re trwa 8 dni.<\/p>\n\n\n\n<p><strong>Co zyskujesz?<\/strong><\/p>\n\n\n\n<ul class=\"wp-block-list\">\n<li>Mo\u017cliwo\u015b\u0107 s\u0142u\u017cby dla Ojczyzny i lokalnej spo\u0142eczno\u015bci,<\/li>\n\n\n\n<li>Miesi\u0119czne wynagrodzenie (ok. 150-500 z\u0142 netto za \u0107wiczenia weekendowe, wi\u0119cej za szkolenia d\u0142u\u017csze),<\/li>\n\n\n\n<li>Profesjonalne szkolenie wojskowej,<\/li>\n\n\n\n<li>Dostep do bezp\u0142atnej opieki medycznej,<\/li>\n\n\n\n<li>Szansa na rozw\u00f3j kompetencji i awans w strukturach wojskowych,<\/li>\n\n\n\n<li>Umundurowanie, ubezpieczenie oraz zni\u017cki i przywileje wynikaj\u0105ce z ustawy o obronie Ojczyzny<\/li>\n<\/ul>\n\n\n\n<p><strong>Gdzie si\u0119 zg\u0142osi\u0107?<\/strong><\/p>\n\n\n\n<p>Wszystkich zainteresowanych do\u0142\u0105czeniem do Wojsk Obrony Terytorialnej zapraszamy do najbli\u017cszego Wojskowego Centrum rekrutacji. Dla mieszka\u0144c\u00f3w powiatu zawiercia\u0144skiego, b\u0119dzi\u0144skiego oraz miast na prawach powiatu Sosnowiec oraz D\u0105browa G\u00f3rnicza jest to:<\/p>\n\n\n\n<p><strong>Wojskowe Centrum Rekrutacji w B\u0119dzinie<\/strong><\/p>\n\n\n\n<p>ul. Ko\u015bciuszki 32, 42-500 B\u0119dzin<\/p>\n\n\n\n<p><strong>tel. 261-124-608,<\/strong> e-mail: <a href=\"mailto:wcr.bedzin@ron.mil.pl\">wcr.bedzin@ron.mil.pl<\/a><\/p>\n\n\n\n<p>godziny otwarcia: poniedzia\u0142ek-pi\u0105tek 8:00-15:00<\/p>\n\n\n\n<p>Pracownicy WCR w B\u0119dzinie udziel\u0105 wszystkich niezb\u0119dnych informacji, pomog\u0105 wype\u0142ni\u0107 wniosek oraz przeprowadz\u0105 kandydata przez ca\u0142y proces rekrutacji.<\/p>\n\n\n\n<p>Wi\u0119cej informacji na temat Terytorialnej S\u0142u\u017cby Wojskowej znajdziecie na stronie:<\/p>\n\n\n\n<figure class=\"wp-block-embed\"><div class=\"wp-block-embed__wrapper\">\nhttps:\/\/wcrbedzin.wp.mil.pl\/rekrutacja2\/terytorialna-sluzba-wojskowa\/informacje-ogolne\n<\/div><\/figure>\n\n\n\n<figure class=\"wp-block-embed\"><div class=\"wp-block-embed__wrapper\">\nhttps:\/\/wcrbedzin.wp.mil.pl\/rekrutacja2\/terytorialna-sluzba-wojskowa\/terminy-szkolen-w-13-sbot\n<\/div><\/figure>\n\n\n\n<figure class=\"wp-block-gallery has-nested-images columns-default is-cropped wp-block-gallery-1 is-layout-flex wp-block-gallery-is-layout-flex\">\n<figure class=\"wp-block-image size-large\"><img loading=\"lazy\" decoding=\"async\" width=\"1024\" height=\"683\" data-id=\"2183\" src=\"http:\/\/stasziczawiercie.pl\/wp-content\/uploads\/2025\/06\/WOT3-1-1024x683.jpg\" alt=\"\" class=\"wp-image-2183\" srcset=\"http:\/\/stasziczawiercie.pl\/wp-content\/uploads\/2025\/06\/WOT3-1-1024x683.jpg 1024w, http:\/\/stasziczawiercie.pl\/wp-content\/uploads\/2025\/06\/WOT3-1-300x200.jpg 300w, http:\/\/stasziczawiercie.pl\/wp-content\/uploads\/2025\/06\/WOT3-1-768x512.jpg 768w, http:\/\/stasziczawiercie.pl\/wp-content\/uploads\/2025\/06\/WOT3-1-1536x1024.jpg 1536w, http:\/\/stasziczawiercie.pl\/wp-content\/uploads\/2025\/06\/WOT3-1.jpg 2048w\" sizes=\"auto, (max-width: 1024px) 100vw, 1024px\" \/><\/figure>\n\n\n\n<figure class=\"wp-block-image size-large\"><img loading=\"lazy\" decoding=\"async\" width=\"1024\" height=\"379\" data-id=\"2184\" src=\"http:\/\/stasziczawiercie.pl\/wp-content\/uploads\/2025\/06\/WOT2-1024x379.png\" alt=\"\" class=\"wp-image-2184\" srcset=\"http:\/\/stasziczawiercie.pl\/wp-content\/uploads\/2025\/06\/WOT2-1024x379.png 1024w, http:\/\/stasziczawiercie.pl\/wp-content\/uploads\/2025\/06\/WOT2-300x111.png 300w, http:\/\/stasziczawiercie.pl\/wp-content\/uploads\/2025\/06\/WOT2-768x284.png 768w, http:\/\/stasziczawiercie.pl\/wp-content\/uploads\/2025\/06\/WOT2-1536x569.png 1536w, http:\/\/stasziczawiercie.pl\/wp-content\/uploads\/2025\/06\/WOT2.png 1702w\" sizes=\"auto, (max-width: 1024px) 100vw, 1024px\" \/><\/figure>\n\n\n\n<figure class=\"wp-block-image size-large\"><img loading=\"lazy\" decoding=\"async\" width=\"1024\" height=\"683\" data-id=\"2182\" src=\"http:\/\/stasziczawiercie.pl\/wp-content\/uploads\/2025\/06\/WOT-1024x683.jpg\" alt=\"\" class=\"wp-image-2182\" srcset=\"http:\/\/stasziczawiercie.pl\/wp-content\/uploads\/2025\/06\/WOT-1024x683.jpg 1024w, http:\/\/stasziczawiercie.pl\/wp-content\/uploads\/2025\/06\/WOT-300x200.jpg 300w, http:\/\/stasziczawiercie.pl\/wp-content\/uploads\/2025\/06\/WOT-768x512.jpg 768w, http:\/\/stasziczawiercie.pl\/wp-content\/uploads\/2025\/06\/WOT-1536x1024.jpg 1536w, http:\/\/stasziczawiercie.pl\/wp-content\/uploads\/2025\/06\/WOT.jpg 1944w\" sizes=\"auto, (max-width: 1024px) 100vw, 1024px\" \/><\/figure>\n<\/figure>\n","protected":false},"excerpt":{"rendered":"<p>S\u0142u\u017cba blisko domu, w s\u0142u\u017cbie Ojczy\u017anie i lokalnej spo\u0142eczno\u015bci Wojska Obrony Terytorialnej (WOT) to pi\u0105ty rodzaj Si\u0142 Zbrojnych RP, powo\u0142any<\/p>\n","protected":false},"author":1,"featured_media":2181,"comment_status":"closed","ping_status":"closed","sticky":false,"template":"","format":"standard","meta":{"footnotes":""},"categories":[6,31],"tags":[],"class_list":["post-2180","post","type-post","status-publish","format-standard","has-post-thumbnail","hentry","category-featured","category-ogloszenia"],"_links":{"self":[{"href":"http:\/\/stasziczawiercie.pl\/index.php?rest_route=\/wp\/v2\/posts\/2180","targetHints":{"allow":["GET"]}}],"collection":[{"href":"http:\/\/stasziczawiercie.pl\/index.php?rest_route=\/wp\/v2\/posts"}],"about":[{"href":"http:\/\/stasziczawiercie.pl\/index.php?rest_route=\/wp\/v2\/types\/post"}],"author":[{"embeddable":true,"href":"http:\/\/stasziczawiercie.pl\/index.php?rest_route=\/wp\/v2\/users\/1"}],"replies":[{"embeddable":true,"href":"http:\/\/stasziczawiercie.pl\/index.php?rest_route=%2Fwp%2Fv2%2Fcomments&post=2180"}],"version-history":[{"count":1,"href":"http:\/\/stasziczawiercie.pl\/index.php?rest_route=\/wp\/v2\/posts\/2180\/revisions"}],"predecessor-version":[{"id":2185,"href":"http:\/\/stasziczawiercie.pl\/index.php?rest_route=\/wp\/v2\/posts\/2180\/revisions\/2185"}],"wp:featuredmedia":[{"embeddable":true,"href":"http:\/\/stasziczawiercie.pl\/index.php?rest_route=\/wp\/v2\/media\/2181"}],"wp:attachment":[{"href":"http:\/\/stasziczawiercie.pl\/index.php?rest_route=%2Fwp%2Fv2%2Fmedia&parent=2180"}],"wp:term":[{"taxonomy":"category","embeddable":true,"href":"http:\/\/stasziczawiercie.pl\/index.php?rest_route=%2Fwp%2Fv2%2Fcategories&post=2180"},{"taxonomy":"post_tag","embeddable":true,"href":"http:\/\/stasziczawiercie.pl\/index.php?rest_route=%2Fwp%2Fv2%2Ftags&post=2180"}],"curies":[{"name":"wp","href":"https:\/\/api.w.org\/{rel}","templated":true}]}}